{"@context":"https:\/\/schema.org\/","@type":"CollectionPage","@id":"https:\/\/www.ateneo.cz\/produkty\/#CollectionPage","headline":"Produkty Category","description":"","url":"https:\/\/www.ateneo.cz\/produkty\/","hasPart":[{"@type":"Article","@id":"https:\/\/www.ateneo.cz\/ubytek-testosteronu-poradime-si\/","headline":"\u00dabytek testosteronu? Porad\u00edme si!","url":"https:\/\/www.ateneo.cz\/ubytek-testosteronu-poradime-si\/","datePublished":"2022-03-31","dateModified":"2023-06-08","mainEntityOfPage":"https:\/\/www.ateneo.cz\/ubytek-testosteronu-poradime-si\/","author":{"@type":"Person","@id":"https:\/\/www.ateneo.cz\/author\/#Person","name":"","url":"https:\/\/www.ateneo.cz\/author\/","identifier":1,"image":{"@type":"ImageObject","@id":"https:\/\/secure.gravatar.com\/avatar\/4bf629230dc34158290ba5b10491f45b3bfbba94b88af3386c3da2fed730f430?s=96&d=mm&r=g","url":"https:\/\/secure.gravatar.com\/avatar\/4bf629230dc34158290ba5b10491f45b3bfbba94b88af3386c3da2fed730f430?s=96&d=mm&r=g","height":96,"width":96}},"publisher":{"@type":"Organization","name":"ateneo.cz","logo":{"@type":"ImageObject","@id":"\/logo.png","url":"\/logo.png","width":600,"height":60}},"image":{"@type":"ImageObject","@id":"https:\/\/www.ateneo.cz\/wp-content\/uploads\/man-g9163a5208_1280.jpg","url":"https:\/\/www.ateneo.cz\/wp-content\/uploads\/man-g9163a5208_1280.jpg","height":0,"width":0},"keywords":null},{"@type":"Article","@id":"https:\/\/www.ateneo.cz\/voda-je-zivel\/","headline":"Voda je \u017eivel","url":"https:\/\/www.ateneo.cz\/voda-je-zivel\/","datePublished":"2022-03-31","dateModified":"2023-06-08","mainEntityOfPage":"https:\/\/www.ateneo.cz\/voda-je-zivel\/","author":{"@type":"Person","@id":"https:\/\/www.ateneo.cz\/author\/#Person","name":"","url":"https:\/\/www.ateneo.cz\/author\/","identifier":1,"image":{"@type":"ImageObject","@id":"https:\/\/secure.gravatar.com\/avatar\/4bf629230dc34158290ba5b10491f45b3bfbba94b88af3386c3da2fed730f430?s=96&d=mm&r=g","url":"https:\/\/secure.gravatar.com\/avatar\/4bf629230dc34158290ba5b10491f45b3bfbba94b88af3386c3da2fed730f430?s=96&d=mm&r=g","height":96,"width":96}},"publisher":{"@type":"Organization","name":"ateneo.cz","logo":{"@type":"ImageObject","@id":"\/logo.png","url":"\/logo.png","width":600,"height":60}},"image":{"@type":"ImageObject","@id":"https:\/\/www.ateneo.cz\/wp-content\/uploads\/boat-gbb92b4968_640.jpg","url":"https:\/\/www.ateneo.cz\/wp-content\/uploads\/boat-gbb92b4968_640.jpg","height":0,"width":0},"keywords":null},{"@type":"Article","@id":"https:\/\/www.ateneo.cz\/k-dokonale-loznici-je-potreba-i-stylovy-lustr\/","headline":"K dokonal\u00e9 lo\u017enici je pot\u0159eba i stylov\u00fd lustr","url":"https:\/\/www.ateneo.cz\/k-dokonale-loznici-je-potreba-i-stylovy-lustr\/","datePublished":"2022-02-28","dateModified":"2023-06-08","mainEntityOfPage":"https:\/\/www.ateneo.cz\/k-dokonale-loznici-je-potreba-i-stylovy-lustr\/","author":{"@type":"Person","@id":"https:\/\/www.ateneo.cz\/author\/#Person","name":"","url":"https:\/\/www.ateneo.cz\/author\/","identifier":1,"image":{"@type":"ImageObject","@id":"https:\/\/secure.gravatar.com\/avatar\/4bf629230dc34158290ba5b10491f45b3bfbba94b88af3386c3da2fed730f430?s=96&d=mm&r=g","url":"https:\/\/secure.gravatar.com\/avatar\/4bf629230dc34158290ba5b10491f45b3bfbba94b88af3386c3da2fed730f430?s=96&d=mm&r=g","height":96,"width":96}},"publisher":{"@type":"Organization","name":"ateneo.cz","logo":{"@type":"ImageObject","@id":"\/logo.png","url":"\/logo.png","width":600,"height":60}},"image":{"@type":"ImageObject","@id":"https:\/\/www.ateneo.cz\/wp-content\/uploads\/pexels-max-vakhtbovych-5998136.jpg","url":"https:\/\/www.ateneo.cz\/wp-content\/uploads\/pexels-max-vakhtbovych-5998136.jpg","height":0,"width":0},"keywords":null},{"@type":"Article","@id":"https:\/\/www.ateneo.cz\/jak-dulezite-je-aby-se-pri-nakupu-spravne-nastavila-doprava-a-platba\/","headline":"Jak d\u016fle\u017eit\u00e9 je, aby se p\u0159i n\u00e1kupu spr\u00e1vn\u011b nastavila doprava a platba?","url":"https:\/\/www.ateneo.cz\/jak-dulezite-je-aby-se-pri-nakupu-spravne-nastavila-doprava-a-platba\/","datePublished":"2022-01-14","dateModified":"2023-06-08","mainEntityOfPage":"https:\/\/www.ateneo.cz\/jak-dulezite-je-aby-se-pri-nakupu-spravne-nastavila-doprava-a-platba\/","author":{"@type":"Person","@id":"https:\/\/www.ateneo.cz\/author\/#Person","name":"","url":"https:\/\/www.ateneo.cz\/author\/","identifier":1,"image":{"@type":"ImageObject","@id":"https:\/\/secure.gravatar.com\/avatar\/4bf629230dc34158290ba5b10491f45b3bfbba94b88af3386c3da2fed730f430?s=96&d=mm&r=g","url":"https:\/\/secure.gravatar.com\/avatar\/4bf629230dc34158290ba5b10491f45b3bfbba94b88af3386c3da2fed730f430?s=96&d=mm&r=g","height":96,"width":96}},"publisher":{"@type":"Organization","name":"ateneo.cz","logo":{"@type":"ImageObject","@id":"\/logo.png","url":"\/logo.png","width":600,"height":60}},"image":{"@type":"ImageObject","@id":"https:\/\/www.ateneo.cz\/wp-content\/uploads\/intobchod1_4.jpg","url":"https:\/\/www.ateneo.cz\/wp-content\/uploads\/intobchod1_4.jpg","height":0,"width":0},"keywords":null},{"@type":"Article","@id":"https:\/\/www.ateneo.cz\/tresnovice\/","headline":"T\u0159e\u0161\u0148ovice","url":"https:\/\/www.ateneo.cz\/tresnovice\/","datePublished":"2021-12-27","dateModified":"2023-06-08","mainEntityOfPage":"https:\/\/www.ateneo.cz\/tresnovice\/","author":{"@type":"Person","@id":"https:\/\/www.ateneo.cz\/author\/#Person","name":"","url":"https:\/\/www.ateneo.cz\/author\/","identifier":1,"image":{"@type":"ImageObject","@id":"https:\/\/secure.gravatar.com\/avatar\/4bf629230dc34158290ba5b10491f45b3bfbba94b88af3386c3da2fed730f430?s=96&d=mm&r=g","url":"https:\/\/secure.gravatar.com\/avatar\/4bf629230dc34158290ba5b10491f45b3bfbba94b88af3386c3da2fed730f430?s=96&d=mm&r=g","height":96,"width":96}},"publisher":{"@type":"Organization","name":"ateneo.cz","logo":{"@type":"ImageObject","@id":"\/logo.png","url":"\/logo.png","width":600,"height":60}},"image":{"@type":"ImageObject","@id":"https:\/\/www.ateneo.cz\/wp-content\/uploads\/skleni%C4%8Dka_1.jpg","url":"https:\/\/www.ateneo.cz\/wp-content\/uploads\/skleni%C4%8Dka_1.jpg","height":0,"width":0},"keywords":null},{"@type":"Article","@id":"https:\/\/www.ateneo.cz\/obkladovy-kamen-nejenom-do-exterieru\/","headline":"Obkladov\u00fd k\u00e1men nejenom do exteri\u00e9r\u016f","url":"https:\/\/www.ateneo.cz\/obkladovy-kamen-nejenom-do-exterieru\/","datePublished":"2021-09-10","dateModified":"2023-06-08","mainEntityOfPage":"https:\/\/www.ateneo.cz\/obkladovy-kamen-nejenom-do-exterieru\/","author":{"@type":"Person","@id":"https:\/\/www.ateneo.cz\/author\/#Person","name":"","url":"https:\/\/www.ateneo.cz\/author\/","identifier":1,"image":{"@type":"ImageObject","@id":"https:\/\/secure.gravatar.com\/avatar\/4bf629230dc34158290ba5b10491f45b3bfbba94b88af3386c3da2fed730f430?s=96&d=mm&r=g","url":"https:\/\/secure.gravatar.com\/avatar\/4bf629230dc34158290ba5b10491f45b3bfbba94b88af3386c3da2fed730f430?s=96&d=mm&r=g","height":96,"width":96}},"publisher":{"@type":"Organization","name":"ateneo.cz","logo":{"@type":"ImageObject","@id":"\/logo.png","url":"\/logo.png","width":600,"height":60}},"image":{"@type":"ImageObject","@id":"https:\/\/www.ateneo.cz\/wp-content\/uploads\/pexels-eberhard-grossgasteiger-966927.jpg","url":"https:\/\/www.ateneo.cz\/wp-content\/uploads\/pexels-eberhard-grossgasteiger-966927.jpg","height":0,"width":0},"keywords":null},{"@type":"Article","@id":"https:\/\/www.ateneo.cz\/elektrina-je-dobra-vec\/","headline":"Elekt\u0159ina je dobr\u00e1 v\u011bc","url":"https:\/\/www.ateneo.cz\/elektrina-je-dobra-vec\/","datePublished":"2021-06-02","dateModified":"2023-06-08","mainEntityOfPage":"https:\/\/www.ateneo.cz\/elektrina-je-dobra-vec\/","author":{"@type":"Person","@id":"https:\/\/www.ateneo.cz\/author\/#Person","name":"","url":"https:\/\/www.ateneo.cz\/author\/","identifier":1,"image":{"@type":"ImageObject","@id":"https:\/\/secure.gravatar.com\/avatar\/4bf629230dc34158290ba5b10491f45b3bfbba94b88af3386c3da2fed730f430?s=96&d=mm&r=g","url":"https:\/\/secure.gravatar.com\/avatar\/4bf629230dc34158290ba5b10491f45b3bfbba94b88af3386c3da2fed730f430?s=96&d=mm&r=g","height":96,"width":96}},"publisher":{"@type":"Organization","name":"ateneo.cz","logo":{"@type":"ImageObject","@id":"\/logo.png","url":"\/logo.png","width":600,"height":60}},"image":{"@type":"ImageObject","@id":"https:\/\/www.ateneo.cz\/wp-content\/uploads\/b%C3%ADl%C3%A9%20%C5%BE%C3%A1rovky_1.jpg","url":"https:\/\/www.ateneo.cz\/wp-content\/uploads\/b%C3%ADl%C3%A9%20%C5%BE%C3%A1rovky_1.jpg","height":0,"width":0},"keywords":null},{"@type":"Article","@id":"https:\/\/www.ateneo.cz\/kratke-odstavce-jako-zdroj-informaci-ve-svete\/","headline":"Kr\u00e1tk\u00e9 odstavce jako zdroj informac\u00ed ve sv\u011bt\u011b","url":"https:\/\/www.ateneo.cz\/kratke-odstavce-jako-zdroj-informaci-ve-svete\/","datePublished":"2021-04-17","dateModified":"2023-09-19","mainEntityOfPage":"https:\/\/www.ateneo.cz\/kratke-odstavce-jako-zdroj-informaci-ve-svete\/","author":{"@type":"Person","@id":"https:\/\/www.ateneo.cz\/author\/#Person","name":"","url":"https:\/\/www.ateneo.cz\/author\/","identifier":1,"image":{"@type":"ImageObject","@id":"https:\/\/secure.gravatar.com\/avatar\/4bf629230dc34158290ba5b10491f45b3bfbba94b88af3386c3da2fed730f430?s=96&d=mm&r=g","url":"https:\/\/secure.gravatar.com\/avatar\/4bf629230dc34158290ba5b10491f45b3bfbba94b88af3386c3da2fed730f430?s=96&d=mm&r=g","height":96,"width":96}},"publisher":{"@type":"Organization","name":"ateneo.cz","logo":{"@type":"ImageObject","@id":"\/logo.png","url":"\/logo.png","width":600,"height":60}},"image":{"@type":"ImageObject","@id":"https:\/\/www.ateneo.cz\/wp-content\/uploads\/tape-6170715_640.png","url":"https:\/\/www.ateneo.cz\/wp-content\/uploads\/tape-6170715_640.png","height":0,"width":0},"keywords":null},{"@type":"Article","@id":"https:\/\/www.ateneo.cz\/mandle-zasobarna-energie-a-pomocnik-proti-volnym-radikalum\/","headline":"Mandle: Z\u00e1sob\u00e1rna energie a pomocn\u00edk proti voln\u00fdm radik\u00e1l\u016fm","url":"https:\/\/www.ateneo.cz\/mandle-zasobarna-energie-a-pomocnik-proti-volnym-radikalum\/","datePublished":"2021-01-16","dateModified":"2023-06-08","mainEntityOfPage":"https:\/\/www.ateneo.cz\/mandle-zasobarna-energie-a-pomocnik-proti-volnym-radikalum\/","author":{"@type":"Person","@id":"https:\/\/www.ateneo.cz\/author\/#Person","name":"","url":"https:\/\/www.ateneo.cz\/author\/","identifier":1,"image":{"@type":"ImageObject","@id":"https:\/\/secure.gravatar.com\/avatar\/4bf629230dc34158290ba5b10491f45b3bfbba94b88af3386c3da2fed730f430?s=96&d=mm&r=g","url":"https:\/\/secure.gravatar.com\/avatar\/4bf629230dc34158290ba5b10491f45b3bfbba94b88af3386c3da2fed730f430?s=96&d=mm&r=g","height":96,"width":96}},"publisher":{"@type":"Organization","name":"ateneo.cz","logo":{"@type":"ImageObject","@id":"\/logo.png","url":"\/logo.png","width":600,"height":60}},"image":{"@type":"ImageObject","@id":"https:\/\/www.ateneo.cz\/wp-content\/uploads\/art395486_16x9_20260810_071514_89S6uN.jpg","url":"https:\/\/www.ateneo.cz\/wp-content\/uploads\/art395486_16x9_20260810_071514_89S6uN.jpg","height":0,"width":0},"keywords":null},{"@type":"Article","@id":"https:\/\/www.ateneo.cz\/nejkouzelnejsi-den-v-roce-pozor-na-zvidave-otazky\/","headline":"Nejkouzeln\u011bj\u0161\u00ed den v roce: Pozor na zv\u00eddav\u00e9 ot\u00e1zky","url":"https:\/\/www.ateneo.cz\/nejkouzelnejsi-den-v-roce-pozor-na-zvidave-otazky\/","datePublished":"2020-10-19","dateModified":"2023-06-08","mainEntityOfPage":"https:\/\/www.ateneo.cz\/nejkouzelnejsi-den-v-roce-pozor-na-zvidave-otazky\/","author":{"@type":"Person","@id":"https:\/\/www.ateneo.cz\/author\/#Person","name":"","url":"https:\/\/www.ateneo.cz\/author\/","identifier":1,"image":{"@type":"ImageObject","@id":"https:\/\/secure.gravatar.com\/avatar\/4bf629230dc34158290ba5b10491f45b3bfbba94b88af3386c3da2fed730f430?s=96&d=mm&r=g","url":"https:\/\/secure.gravatar.com\/avatar\/4bf629230dc34158290ba5b10491f45b3bfbba94b88af3386c3da2fed730f430?s=96&d=mm&r=g","height":96,"width":96}},"publisher":{"@type":"Organization","name":"ateneo.cz","logo":{"@type":"ImageObject","@id":"\/logo.png","url":"\/logo.png","width":600,"height":60}},"image":{"@type":"ImageObject","@id":"https:\/\/www.ateneo.cz\/wp-content\/uploads\/adventn%C3%AD_kalend%C3%A1%C5%99.jpg","url":"https:\/\/www.ateneo.cz\/wp-content\/uploads\/adventn%C3%AD_kalend%C3%A1%C5%99.jpg","height":0,"width":0},"keywords":null}]}