{"@context":"https:\/\/schema.org\/","@type":"CollectionPage","@id":"https:\/\/www.ateneo.cz\/produkty\/#CollectionPage","headline":"Produkty Category","description":"","url":"https:\/\/www.ateneo.cz\/produkty\/","hasPart":[{"@type":"Article","@id":"https:\/\/www.ateneo.cz\/premiovy-cerny-caj-pro-zdravi-i-chut\/","headline":"Pr\u00e9miov\u00fd \u010dern\u00fd \u010daj pro zdrav\u00ed i chu\u0165","url":"https:\/\/www.ateneo.cz\/premiovy-cerny-caj-pro-zdravi-i-chut\/","datePublished":"2026-01-17","dateModified":"2026-01-17","mainEntityOfPage":"https:\/\/www.ateneo.cz\/premiovy-cerny-caj-pro-zdravi-i-chut\/","author":{"@type":"Person","@id":"https:\/\/www.ateneo.cz\/author\/#Person","name":"","url":"https:\/\/www.ateneo.cz\/author\/","identifier":1,"image":{"@type":"ImageObject","@id":"https:\/\/secure.gravatar.com\/avatar\/4bf629230dc34158290ba5b10491f45b3bfbba94b88af3386c3da2fed730f430?s=96&d=mm&r=g","url":"https:\/\/secure.gravatar.com\/avatar\/4bf629230dc34158290ba5b10491f45b3bfbba94b88af3386c3da2fed730f430?s=96&d=mm&r=g","height":96,"width":96}},"publisher":{"@type":"Organization","name":"ateneo.cz","logo":{"@type":"ImageObject","@id":"\/logo.png","url":"\/logo.png","width":600,"height":60}},"image":{"@type":"ImageObject","@id":"https:\/\/www.ateneo.cz\/wp-content\/uploads\/peggy_marco-green-tea-1569791_640.jpg","url":"https:\/\/www.ateneo.cz\/wp-content\/uploads\/peggy_marco-green-tea-1569791_640.jpg","height":0,"width":0},"keywords":null},{"@type":"Article","@id":"https:\/\/www.ateneo.cz\/vyuziti-plastovych-a-drevenych-oken\/","headline":"Vyu\u017eit\u00ed plastov\u00fdch a d\u0159ev\u011bn\u00fdch oken","url":"https:\/\/www.ateneo.cz\/vyuziti-plastovych-a-drevenych-oken\/","datePublished":"2025-12-13","dateModified":"2025-12-13","mainEntityOfPage":"https:\/\/www.ateneo.cz\/vyuziti-plastovych-a-drevenych-oken\/","author":{"@type":"Person","@id":"https:\/\/www.ateneo.cz\/author\/#Person","name":"","url":"https:\/\/www.ateneo.cz\/author\/","identifier":1,"image":{"@type":"ImageObject","@id":"https:\/\/secure.gravatar.com\/avatar\/4bf629230dc34158290ba5b10491f45b3bfbba94b88af3386c3da2fed730f430?s=96&d=mm&r=g","url":"https:\/\/secure.gravatar.com\/avatar\/4bf629230dc34158290ba5b10491f45b3bfbba94b88af3386c3da2fed730f430?s=96&d=mm&r=g","height":96,"width":96}},"publisher":{"@type":"Organization","name":"ateneo.cz","logo":{"@type":"ImageObject","@id":"\/logo.png","url":"\/logo.png","width":600,"height":60}},"image":{"@type":"ImageObject","@id":"https:\/\/www.ateneo.cz\/wp-content\/uploads\/kitchen-3569876_640.jpg","url":"https:\/\/www.ateneo.cz\/wp-content\/uploads\/kitchen-3569876_640.jpg","height":0,"width":0},"keywords":null},{"@type":"Article","@id":"https:\/\/www.ateneo.cz\/matrace-jako-svatebni-dar\/","headline":"Matrace jako svatebn\u00ed dar","url":"https:\/\/www.ateneo.cz\/matrace-jako-svatebni-dar\/","datePublished":"2025-10-02","dateModified":"2025-10-02","mainEntityOfPage":"https:\/\/www.ateneo.cz\/matrace-jako-svatebni-dar\/","author":{"@type":"Person","@id":"https:\/\/www.ateneo.cz\/author\/#Person","name":"","url":"https:\/\/www.ateneo.cz\/author\/","identifier":1,"image":{"@type":"ImageObject","@id":"https:\/\/secure.gravatar.com\/avatar\/4bf629230dc34158290ba5b10491f45b3bfbba94b88af3386c3da2fed730f430?s=96&d=mm&r=g","url":"https:\/\/secure.gravatar.com\/avatar\/4bf629230dc34158290ba5b10491f45b3bfbba94b88af3386c3da2fed730f430?s=96&d=mm&r=g","height":96,"width":96}},"publisher":{"@type":"Organization","name":"ateneo.cz","logo":{"@type":"ImageObject","@id":"\/logo.png","url":"\/logo.png","width":600,"height":60}},"image":{"@type":"ImageObject","@id":"https:\/\/www.ateneo.cz\/wp-content\/uploads\/bed-881120_640_4.jpg","url":"https:\/\/www.ateneo.cz\/wp-content\/uploads\/bed-881120_640_4.jpg","height":0,"width":0},"keywords":null},{"@type":"Article","@id":"https:\/\/www.ateneo.cz\/libi-se-vam-kuchyne-v-minimalistickem-stylu\/","headline":"L\u00edb\u00ed se v\u00e1m kuchyn\u011b v minimalistick\u00e9m stylu","url":"https:\/\/www.ateneo.cz\/libi-se-vam-kuchyne-v-minimalistickem-stylu\/","datePublished":"2025-09-03","dateModified":"2025-09-03","mainEntityOfPage":"https:\/\/www.ateneo.cz\/libi-se-vam-kuchyne-v-minimalistickem-stylu\/","author":{"@type":"Person","@id":"https:\/\/www.ateneo.cz\/author\/#Person","name":"","url":"https:\/\/www.ateneo.cz\/author\/","identifier":1,"image":{"@type":"ImageObject","@id":"https:\/\/secure.gravatar.com\/avatar\/4bf629230dc34158290ba5b10491f45b3bfbba94b88af3386c3da2fed730f430?s=96&d=mm&r=g","url":"https:\/\/secure.gravatar.com\/avatar\/4bf629230dc34158290ba5b10491f45b3bfbba94b88af3386c3da2fed730f430?s=96&d=mm&r=g","height":96,"width":96}},"publisher":{"@type":"Organization","name":"ateneo.cz","logo":{"@type":"ImageObject","@id":"\/logo.png","url":"\/logo.png","width":600,"height":60}},"image":{"@type":"ImageObject","@id":"https:\/\/www.ateneo.cz\/wp-content\/uploads\/onion-647525_640.jpg","url":"https:\/\/www.ateneo.cz\/wp-content\/uploads\/onion-647525_640.jpg","height":0,"width":0},"keywords":null},{"@type":"Article","@id":"https:\/\/www.ateneo.cz\/krasna-vysoka-matrace\/","headline":"Kr\u00e1sn\u00e1 vysok\u00e1 matrace","url":"https:\/\/www.ateneo.cz\/krasna-vysoka-matrace\/","datePublished":"2025-08-25","dateModified":"2025-08-25","mainEntityOfPage":"https:\/\/www.ateneo.cz\/krasna-vysoka-matrace\/","author":{"@type":"Person","@id":"https:\/\/www.ateneo.cz\/author\/#Person","name":"","url":"https:\/\/www.ateneo.cz\/author\/","identifier":1,"image":{"@type":"ImageObject","@id":"https:\/\/secure.gravatar.com\/avatar\/4bf629230dc34158290ba5b10491f45b3bfbba94b88af3386c3da2fed730f430?s=96&d=mm&r=g","url":"https:\/\/secure.gravatar.com\/avatar\/4bf629230dc34158290ba5b10491f45b3bfbba94b88af3386c3da2fed730f430?s=96&d=mm&r=g","height":96,"width":96}},"publisher":{"@type":"Organization","name":"ateneo.cz","logo":{"@type":"ImageObject","@id":"\/logo.png","url":"\/logo.png","width":600,"height":60}},"image":{"@type":"ImageObject","@id":"https:\/\/www.ateneo.cz\/wp-content\/uploads\/woman-8152554_640_1.jpg","url":"https:\/\/www.ateneo.cz\/wp-content\/uploads\/woman-8152554_640_1.jpg","height":0,"width":0},"keywords":null},{"@type":"Article","@id":"https:\/\/www.ateneo.cz\/uprava-motorovych-map\/","headline":"\u00daprava motorov\u00fdch map","url":"https:\/\/www.ateneo.cz\/uprava-motorovych-map\/","datePublished":"2025-06-16","dateModified":"2025-06-16","mainEntityOfPage":"https:\/\/www.ateneo.cz\/uprava-motorovych-map\/","author":{"@type":"Person","@id":"https:\/\/www.ateneo.cz\/author\/#Person","name":"","url":"https:\/\/www.ateneo.cz\/author\/","identifier":1,"image":{"@type":"ImageObject","@id":"https:\/\/secure.gravatar.com\/avatar\/4bf629230dc34158290ba5b10491f45b3bfbba94b88af3386c3da2fed730f430?s=96&d=mm&r=g","url":"https:\/\/secure.gravatar.com\/avatar\/4bf629230dc34158290ba5b10491f45b3bfbba94b88af3386c3da2fed730f430?s=96&d=mm&r=g","height":96,"width":96}},"publisher":{"@type":"Organization","name":"ateneo.cz","logo":{"@type":"ImageObject","@id":"\/logo.png","url":"\/logo.png","width":600,"height":60}},"image":{"@type":"ImageObject","@id":"https:\/\/www.ateneo.cz\/wp-content\/uploads\/car-7475302_640.jpg","url":"https:\/\/www.ateneo.cz\/wp-content\/uploads\/car-7475302_640.jpg","height":0,"width":0},"keywords":null},{"@type":"Article","@id":"https:\/\/www.ateneo.cz\/abyste-se-u-bazenu-nenudili\/","headline":"Abyste se u baz\u00e9nu nenudili","url":"https:\/\/www.ateneo.cz\/abyste-se-u-bazenu-nenudili\/","datePublished":"2025-06-03","dateModified":"2025-06-03","mainEntityOfPage":"https:\/\/www.ateneo.cz\/abyste-se-u-bazenu-nenudili\/","author":{"@type":"Person","@id":"https:\/\/www.ateneo.cz\/author\/#Person","name":"","url":"https:\/\/www.ateneo.cz\/author\/","identifier":1,"image":{"@type":"ImageObject","@id":"https:\/\/secure.gravatar.com\/avatar\/4bf629230dc34158290ba5b10491f45b3bfbba94b88af3386c3da2fed730f430?s=96&d=mm&r=g","url":"https:\/\/secure.gravatar.com\/avatar\/4bf629230dc34158290ba5b10491f45b3bfbba94b88af3386c3da2fed730f430?s=96&d=mm&r=g","height":96,"width":96}},"publisher":{"@type":"Organization","name":"ateneo.cz","logo":{"@type":"ImageObject","@id":"\/logo.png","url":"\/logo.png","width":600,"height":60}},"image":{"@type":"ImageObject","@id":"https:\/\/www.ateneo.cz\/wp-content\/uploads\/water-4260900_640_10_10_8.jpg","url":"https:\/\/www.ateneo.cz\/wp-content\/uploads\/water-4260900_640_10_10_8.jpg","height":0,"width":0},"keywords":null},{"@type":"Article","@id":"https:\/\/www.ateneo.cz\/jake-jsou-rozdily-mezi-jednorazovou-a-plnitelnou-elektronickou-cigaretou\/","headline":"Jak\u00e9 jsou rozd\u00edly mezi jednor\u00e1zovou a plnitelnou elektronickou cigaretou?","url":"https:\/\/www.ateneo.cz\/jake-jsou-rozdily-mezi-jednorazovou-a-plnitelnou-elektronickou-cigaretou\/","datePublished":"2025-02-14","dateModified":"2025-02-14","mainEntityOfPage":"https:\/\/www.ateneo.cz\/jake-jsou-rozdily-mezi-jednorazovou-a-plnitelnou-elektronickou-cigaretou\/","author":{"@type":"Person","@id":"https:\/\/www.ateneo.cz\/author\/#Person","name":"","url":"https:\/\/www.ateneo.cz\/author\/","identifier":1,"image":{"@type":"ImageObject","@id":"https:\/\/secure.gravatar.com\/avatar\/4bf629230dc34158290ba5b10491f45b3bfbba94b88af3386c3da2fed730f430?s=96&d=mm&r=g","url":"https:\/\/secure.gravatar.com\/avatar\/4bf629230dc34158290ba5b10491f45b3bfbba94b88af3386c3da2fed730f430?s=96&d=mm&r=g","height":96,"width":96}},"publisher":{"@type":"Organization","name":"ateneo.cz","logo":{"@type":"ImageObject","@id":"\/logo.png","url":"\/logo.png","width":600,"height":60}},"image":{"@type":"ImageObject","@id":"https:\/\/www.ateneo.cz\/wp-content\/uploads\/elsa-olofsson-Oa0Fb-HVbLQ-unsplash.jpg","url":"https:\/\/www.ateneo.cz\/wp-content\/uploads\/elsa-olofsson-Oa0Fb-HVbLQ-unsplash.jpg","height":0,"width":0},"keywords":null},{"@type":"Article","@id":"https:\/\/www.ateneo.cz\/jak-vybrat-kvalitu-za-rozumnou-cenu\/","headline":"Jak vybrat kvalitu za rozumnou cenu?","url":"https:\/\/www.ateneo.cz\/jak-vybrat-kvalitu-za-rozumnou-cenu\/","datePublished":"2025-01-21","dateModified":"2025-01-21","mainEntityOfPage":"https:\/\/www.ateneo.cz\/jak-vybrat-kvalitu-za-rozumnou-cenu\/","author":{"@type":"Person","@id":"https:\/\/www.ateneo.cz\/author\/#Person","name":"","url":"https:\/\/www.ateneo.cz\/author\/","identifier":1,"image":{"@type":"ImageObject","@id":"https:\/\/secure.gravatar.com\/avatar\/4bf629230dc34158290ba5b10491f45b3bfbba94b88af3386c3da2fed730f430?s=96&d=mm&r=g","url":"https:\/\/secure.gravatar.com\/avatar\/4bf629230dc34158290ba5b10491f45b3bfbba94b88af3386c3da2fed730f430?s=96&d=mm&r=g","height":96,"width":96}},"publisher":{"@type":"Organization","name":"ateneo.cz","logo":{"@type":"ImageObject","@id":"\/logo.png","url":"\/logo.png","width":600,"height":60}},"image":{"@type":"ImageObject","@id":"https:\/\/www.ateneo.cz\/wp-content\/uploads\/garages-270675_640.jpg","url":"https:\/\/www.ateneo.cz\/wp-content\/uploads\/garages-270675_640.jpg","height":0,"width":0},"keywords":null},{"@type":"Article","@id":"https:\/\/www.ateneo.cz\/horko-a-bazen\/","headline":"Horko a baz\u00e9n","url":"https:\/\/www.ateneo.cz\/horko-a-bazen\/","datePublished":"2024-12-23","dateModified":"2024-12-23","mainEntityOfPage":"https:\/\/www.ateneo.cz\/horko-a-bazen\/","author":{"@type":"Person","@id":"https:\/\/www.ateneo.cz\/author\/#Person","name":"","url":"https:\/\/www.ateneo.cz\/author\/","identifier":1,"image":{"@type":"ImageObject","@id":"https:\/\/secure.gravatar.com\/avatar\/4bf629230dc34158290ba5b10491f45b3bfbba94b88af3386c3da2fed730f430?s=96&d=mm&r=g","url":"https:\/\/secure.gravatar.com\/avatar\/4bf629230dc34158290ba5b10491f45b3bfbba94b88af3386c3da2fed730f430?s=96&d=mm&r=g","height":96,"width":96}},"publisher":{"@type":"Organization","name":"ateneo.cz","logo":{"@type":"ImageObject","@id":"\/logo.png","url":"\/logo.png","width":600,"height":60}},"image":{"@type":"ImageObject","@id":"https:\/\/www.ateneo.cz\/wp-content\/uploads\/swim-3069161_640.jpg","url":"https:\/\/www.ateneo.cz\/wp-content\/uploads\/swim-3069161_640.jpg","height":0,"width":0},"keywords":null}]}