[{"@context":"https:\/\/schema.org\/","@type":"Article","@id":"https:\/\/www.ateneo.cz\/politika-me-nebere\/#Article","mainEntityOfPage":"https:\/\/www.ateneo.cz\/politika-me-nebere\/","headline":"Politika m\u011b nebere","name":"Politika m\u011b nebere","description":"Vzpom\u00edn\u00e1m si, kdy\u017e jsem za\u017eila se prvn\u00ed volby. Sice nev\u00edm, kolik mi bylo p\u0159esn\u011b, ale mo\u017en\u00e1 tak \u0161estn\u00e1ct anebo sedmn\u00e1ct let. A taky si vzpom\u00edn\u00e1m na to, jak to moje babi\u010dka a d\u011bda a taky moje m\u00e1ma \u00fapln\u011b sledovali se v\u0161\u00ed pozornost\u00ed. N\u011bkdy jsem si \u0159\u00edkala, \u017ee a\u017e to p\u0159ehnan\u00e9, jak moc to sleduj\u00ed. Co","datePublished":"2023-02-07","dateModified":"2023-06-08","author":{"@type":"Person","@id":"https:\/\/www.ateneo.cz\/author\/#Person","name":"","url":"https:\/\/www.ateneo.cz\/author\/","identifier":1,"image":{"@type":"ImageObject","@id":"https:\/\/secure.gravatar.com\/avatar\/4bf629230dc34158290ba5b10491f45b3bfbba94b88af3386c3da2fed730f430?s=96&d=mm&r=g","url":"https:\/\/secure.gravatar.com\/avatar\/4bf629230dc34158290ba5b10491f45b3bfbba94b88af3386c3da2fed730f430?s=96&d=mm&r=g","height":96,"width":96}},"publisher":{"@type":"Organization","name":"ateneo.cz","logo":{"@type":"ImageObject","@id":"\/logo.png","url":"\/logo.png","width":600,"height":60}},"image":{"@type":"ImageObject","@id":"https:\/\/www.ateneo.cz\/wp-content\/uploads\/parliament-house-168300_960_720.jpg","url":"https:\/\/www.ateneo.cz\/wp-content\/uploads\/parliament-house-168300_960_720.jpg","height":0,"width":0},"url":"https:\/\/www.ateneo.cz\/politika-me-nebere\/","about":["Politika"],"wordCount":439,"articleBody":"Vzpom\u00edn\u00e1m si, kdy\u017e jsem za\u017eila se prvn\u00ed volby. Sice nev\u00edm, kolik mi bylo p\u0159esn\u011b, ale mo\u017en\u00e1 tak \u0161estn\u00e1ct anebo sedmn\u00e1ct let. A taky si vzpom\u00edn\u00e1m na to, jak to moje babi\u010dka a d\u011bda a taky moje m\u00e1ma \u00fapln\u011b sledovali se v\u0161\u00ed pozornost\u00ed. N\u011bkdy jsem si \u0159\u00edkala, \u017ee a\u017e to p\u0159ehnan\u00e9, jak moc to sleduj\u00ed. Co z t\u00e9 politiky v\u016fbec maj\u00ed? N\u011bco prosp\u011b\u0161n\u00e9ho? V\u017edy\u0165 p\u0159eci co m\u016f\u017ee b\u00fdt na politice tak moc zaj\u00edmav\u00e9ho, \u017ee to opravdu v\u0161ichni sleduj\u00ed? A taky m\u011b velice znepokojovalo, \u017ee se st\u00e1le n\u011bkdo mus\u00ed dohadovat jenom nad t\u00edm, \u017ee nevyhr\u00e1la jeho obl\u00edben\u00e1 politick\u00e1 strana anebo politik. Anebo t\u0159eba kdy\u017e vyhr\u00e1l jin\u00fd prezident, ne\u017e t\u0159eba kter\u00e9ho si moji rodi\u010de \u010di prarodi\u010de p\u0159\u00e1li. Abych pravdu \u0159ekla, tak mi to v t\u00e9 dob\u011b bylo \u00fapln\u011b jedno, proto\u017ee jsem se o politiku v\u016fbec nezaj\u00edmala. Ale nemyslete si, \u017ee se o politiku zaj\u00edm\u00e1m, kdy\u017e je mi t\u0159eba v\u00edc jak t\u0159icet let. Tohle v\u016fbec na to nem\u00e1 \u017e\u00e1dn\u00fd vliv. M\u011b prost\u011b politika asi nikdy nebrala a ani br\u00e1t nebude, i kdy\u017e kolikr\u00e1t jsem si \u0159\u00edkala, \u017ee kdybych m\u011bla pen\u011bz jako politik, tak bych byla velice r\u00e1da, proto\u017ee bych si mohla opravdu u\u017e koupit co chci. Moji rodi\u010de mi \u0159\u00edkali, \u017ee politik m\u00e1 pr\u00fd tolik pen\u011bz, \u017ee by s nimi mohl topit v kamnech. J\u00e1 v\u016fbec nev\u00edm, jak a kolik politik bere, ale podle moj\u00ed m\u00e1my jsem usoudila, \u017ee ur\u010dit\u011b minim\u00e1ln\u011b sto tis\u00edc korun m\u011bs\u00ed\u010dn\u011b. Tedy, kdybych m\u011bla ty pen\u00edze, tak bych jist\u011b v\u011bd\u011bla, co bych s t\u011bmi pen\u011bzi d\u011blala. \u0160koda, \u017ee n\u011bkdo z va\u0161\u00ed rodiny nen\u00ed politik. Mysl\u00edm se, \u017ee kdybych t\u0159eba nap\u0159\u00edklad politikem byla j\u00e1, tak by m\u011b bavilo br\u00e1t tolik pen\u011bz jenom za to, \u017ee tam budu sed\u011bt a sem tam n\u011bco \u0159eknu. Nebo vy m\u00e1te na politiku \u00fapln\u011b jin\u00fd n\u00e1zor? Co si mysl\u00edte o politice vy? J\u00e1 si mysl\u00edm, \u017ee politika je a\u017e moc, \u017ee by se to klidn\u011b mohlo redukovat a mohli by zkusit d\u011blat jinou pr\u00e1ci. Nap\u0159\u00edklad ale moje teta, kter\u00e1 m\u00e1 v rodin\u011b politika, tak \u0159\u00edk\u00e1, \u017ee ne\u00a0v\u0161ichni\u00a0politici jsou stejn\u00ed. To je sice pravda, ale jedno maj\u00ed spole\u010dn\u00e9. V\u0161ichni se r\u00e1di h\u00e1daj\u00ed.                                                                                                                                                                                                                                                                                                                                                                                        4.6\/5 - (9 votes)        "},{"@context":"https:\/\/schema.org\/","@type":"BreadcrumbList","itemListElement":[{"@type":"ListItem","position":1,"name":"Politika m\u011b nebere","item":"https:\/\/www.ateneo.cz\/politika-me-nebere\/#breadcrumbitem"}]}]