[{"@context":"https:\/\/schema.org\/","@type":"Blog","@id":"https:\/\/www.ateneo.cz#Blog","headline":"Ateneo","description":"\nL\u017e\u00edm a f\u00e1m\u00e1m se na internetu docela da\u0159\u00ed. Ov\u0161em jak kdy a jak kde. Nap\u0159\u00edklad na na\u0161\u00ed internetov\u00e9 str\u00e1nce tyto nezako\u0159enily a nikdy ani nezako\u0159en\u00ed.","url":"https:\/\/www.ateneo.cz","hasPart":[{"@type":"Article","@id":"https:\/\/www.ateneo.cz\/vyberte-si-nejvhodnejsi-elektromerovy-rozvadec\/","headline":"Vyberte si nejvhodn\u011bj\u0161\u00ed elektrom\u011brov\u00fd rozvad\u011b\u010d","url":"https:\/\/www.ateneo.cz\/vyberte-si-nejvhodnejsi-elektromerovy-rozvadec\/","datePublished":"2024-04-02","dateModified":"2024-04-02","mainEntityOfPage":"https:\/\/www.ateneo.cz\/vyberte-si-nejvhodnejsi-elektromerovy-rozvadec\/","author":{"@type":"Person","@id":"https:\/\/www.ateneo.cz\/author\/#Person","name":"","url":"https:\/\/www.ateneo.cz\/author\/","identifier":1,"image":{"@type":"ImageObject","@id":"https:\/\/secure.gravatar.com\/avatar\/4bf629230dc34158290ba5b10491f45b3bfbba94b88af3386c3da2fed730f430?s=96&d=mm&r=g","url":"https:\/\/secure.gravatar.com\/avatar\/4bf629230dc34158290ba5b10491f45b3bfbba94b88af3386c3da2fed730f430?s=96&d=mm&r=g","height":96,"width":96}},"publisher":{"@type":"Organization","name":"ateneo.cz","logo":{"@type":"ImageObject","@id":"\/logo.png","url":"\/logo.png","width":600,"height":60}},"image":null,"wordCount":298,"keywords":null},{"@type":"Article","@id":"https:\/\/www.ateneo.cz\/prinasime-nabidku-na-nakup-atraktivni-obuvi\/","headline":"P\u0159in\u00e1\u0161\u00edme nab\u00eddku na n\u00e1kup atraktivn\u00ed obuvi","url":"https:\/\/www.ateneo.cz\/prinasime-nabidku-na-nakup-atraktivni-obuvi\/","datePublished":"2024-03-27","dateModified":"2024-03-27","mainEntityOfPage":"https:\/\/www.ateneo.cz\/prinasime-nabidku-na-nakup-atraktivni-obuvi\/","author":{"@type":"Person","@id":"https:\/\/www.ateneo.cz\/author\/#Person","name":"","url":"https:\/\/www.ateneo.cz\/author\/","identifier":1,"image":{"@type":"ImageObject","@id":"https:\/\/secure.gravatar.com\/avatar\/4bf629230dc34158290ba5b10491f45b3bfbba94b88af3386c3da2fed730f430?s=96&d=mm&r=g","url":"https:\/\/secure.gravatar.com\/avatar\/4bf629230dc34158290ba5b10491f45b3bfbba94b88af3386c3da2fed730f430?s=96&d=mm&r=g","height":96,"width":96}},"publisher":{"@type":"Organization","name":"ateneo.cz","logo":{"@type":"ImageObject","@id":"\/logo.png","url":"\/logo.png","width":600,"height":60}},"image":null,"wordCount":275,"keywords":null},{"@type":"Article","@id":"https:\/\/www.ateneo.cz\/demolice-domu-patri-do-rukou-odborniku\/","headline":"Demolice domu pat\u0159\u00ed do rukou odborn\u00edk\u016f","url":"https:\/\/www.ateneo.cz\/demolice-domu-patri-do-rukou-odborniku\/","datePublished":"2024-03-22","dateModified":"2024-04-29","mainEntityOfPage":"https:\/\/www.ateneo.cz\/demolice-domu-patri-do-rukou-odborniku\/","author":{"@type":"Person","@id":"https:\/\/www.ateneo.cz\/author\/#Person","name":"","url":"https:\/\/www.ateneo.cz\/author\/","identifier":1,"image":{"@type":"ImageObject","@id":"https:\/\/secure.gravatar.com\/avatar\/4bf629230dc34158290ba5b10491f45b3bfbba94b88af3386c3da2fed730f430?s=96&d=mm&r=g","url":"https:\/\/secure.gravatar.com\/avatar\/4bf629230dc34158290ba5b10491f45b3bfbba94b88af3386c3da2fed730f430?s=96&d=mm&r=g","height":96,"width":96}},"publisher":{"@type":"Organization","name":"ateneo.cz","logo":{"@type":"ImageObject","@id":"\/logo.png","url":"\/logo.png","width":600,"height":60}},"image":{"@type":"ImageObject","@id":"https:\/\/www.ateneo.cz\/wp-content\/uploads\/disintegration-1882121_640_1.jpg","url":"https:\/\/www.ateneo.cz\/wp-content\/uploads\/disintegration-1882121_640_1.jpg","height":0,"width":0},"wordCount":569,"keywords":null},{"@type":"Article","@id":"https:\/\/www.ateneo.cz\/zajistit-teplo-je-nutnost\/","headline":"Zajistit teplo je nutnost","url":"https:\/\/www.ateneo.cz\/zajistit-teplo-je-nutnost\/","datePublished":"2024-02-05","dateModified":"2024-02-05","mainEntityOfPage":"https:\/\/www.ateneo.cz\/zajistit-teplo-je-nutnost\/","author":{"@type":"Person","@id":"https:\/\/www.ateneo.cz\/author\/#Person","name":"","url":"https:\/\/www.ateneo.cz\/author\/","identifier":1,"image":{"@type":"ImageObject","@id":"https:\/\/secure.gravatar.com\/avatar\/4bf629230dc34158290ba5b10491f45b3bfbba94b88af3386c3da2fed730f430?s=96&d=mm&r=g","url":"https:\/\/secure.gravatar.com\/avatar\/4bf629230dc34158290ba5b10491f45b3bfbba94b88af3386c3da2fed730f430?s=96&d=mm&r=g","height":96,"width":96}},"publisher":{"@type":"Organization","name":"ateneo.cz","logo":{"@type":"ImageObject","@id":"\/logo.png","url":"\/logo.png","width":600,"height":60}},"image":null,"wordCount":299,"keywords":null},{"@type":"Article","@id":"https:\/\/www.ateneo.cz\/binarni-opce-a-uspesne-obchodovani\/","headline":"Bin\u00e1rn\u00ed opce a \u00fasp\u011b\u0161n\u00e9 obchodov\u00e1n\u00ed","url":"https:\/\/www.ateneo.cz\/binarni-opce-a-uspesne-obchodovani\/","datePublished":"2023-12-27","dateModified":"2023-12-27","mainEntityOfPage":"https:\/\/www.ateneo.cz\/binarni-opce-a-uspesne-obchodovani\/","author":{"@type":"Person","@id":"https:\/\/www.ateneo.cz\/author\/#Person","name":"","url":"https:\/\/www.ateneo.cz\/author\/","identifier":1,"image":{"@type":"ImageObject","@id":"https:\/\/secure.gravatar.com\/avatar\/4bf629230dc34158290ba5b10491f45b3bfbba94b88af3386c3da2fed730f430?s=96&d=mm&r=g","url":"https:\/\/secure.gravatar.com\/avatar\/4bf629230dc34158290ba5b10491f45b3bfbba94b88af3386c3da2fed730f430?s=96&d=mm&r=g","height":96,"width":96}},"publisher":{"@type":"Organization","name":"ateneo.cz","logo":{"@type":"ImageObject","@id":"\/logo.png","url":"\/logo.png","width":600,"height":60}},"image":null,"wordCount":292,"keywords":null},{"@type":"Article","@id":"https:\/\/www.ateneo.cz\/na-stare-a-nefunkcni-je-nejlepsi-rekonstrukce-bytu\/","headline":"Na star\u00e9 a nefunk\u010dn\u00ed je nejlep\u0161\u00ed rekonstrukce bytu","url":"https:\/\/www.ateneo.cz\/na-stare-a-nefunkcni-je-nejlepsi-rekonstrukce-bytu\/","datePublished":"2023-11-20","dateModified":"2023-11-20","mainEntityOfPage":"https:\/\/www.ateneo.cz\/na-stare-a-nefunkcni-je-nejlepsi-rekonstrukce-bytu\/","author":{"@type":"Person","@id":"https:\/\/www.ateneo.cz\/author\/#Person","name":"","url":"https:\/\/www.ateneo.cz\/author\/","identifier":1,"image":{"@type":"ImageObject","@id":"https:\/\/secure.gravatar.com\/avatar\/4bf629230dc34158290ba5b10491f45b3bfbba94b88af3386c3da2fed730f430?s=96&d=mm&r=g","url":"https:\/\/secure.gravatar.com\/avatar\/4bf629230dc34158290ba5b10491f45b3bfbba94b88af3386c3da2fed730f430?s=96&d=mm&r=g","height":96,"width":96}},"publisher":{"@type":"Organization","name":"ateneo.cz","logo":{"@type":"ImageObject","@id":"\/logo.png","url":"\/logo.png","width":600,"height":60}},"image":null,"wordCount":286,"keywords":null},{"@type":"Article","@id":"https:\/\/www.ateneo.cz\/obleceni-ze-second-handu-muze-byt-i-sexy\/","headline":"Oble\u010den\u00ed ze second handu m\u016f\u017ee b\u00fdt i sexy","url":"https:\/\/www.ateneo.cz\/obleceni-ze-second-handu-muze-byt-i-sexy\/","datePublished":"2023-11-14","dateModified":"2023-12-20","mainEntityOfPage":"https:\/\/www.ateneo.cz\/obleceni-ze-second-handu-muze-byt-i-sexy\/","author":{"@type":"Person","@id":"https:\/\/www.ateneo.cz\/author\/#Person","name":"","url":"https:\/\/www.ateneo.cz\/author\/","identifier":1,"image":{"@type":"ImageObject","@id":"https:\/\/secure.gravatar.com\/avatar\/4bf629230dc34158290ba5b10491f45b3bfbba94b88af3386c3da2fed730f430?s=96&d=mm&r=g","url":"https:\/\/secure.gravatar.com\/avatar\/4bf629230dc34158290ba5b10491f45b3bfbba94b88af3386c3da2fed730f430?s=96&d=mm&r=g","height":96,"width":96}},"publisher":{"@type":"Organization","name":"ateneo.cz","logo":{"@type":"ImageObject","@id":"\/logo.png","url":"\/logo.png","width":600,"height":60}},"image":{"@type":"ImageObject","@id":"https:\/\/www.ateneo.cz\/wp-content\/uploads\/woman-1822437_640_6.jpg","url":"https:\/\/www.ateneo.cz\/wp-content\/uploads\/woman-1822437_640_6.jpg","height":0,"width":0},"wordCount":563,"keywords":null},{"@type":"Article","@id":"https:\/\/www.ateneo.cz\/kryci-bazenova-plachta-vam-usetri-spoustu-casu-i-penez\/","headline":"Kryc\u00ed baz\u00e9nov\u00e1 plachta V\u00e1m u\u0161et\u0159\u00ed spoustu \u010dasu i pen\u011bz","url":"https:\/\/www.ateneo.cz\/kryci-bazenova-plachta-vam-usetri-spoustu-casu-i-penez\/","datePublished":"2023-10-15","dateModified":"2023-10-15","mainEntityOfPage":"https:\/\/www.ateneo.cz\/kryci-bazenova-plachta-vam-usetri-spoustu-casu-i-penez\/","author":{"@type":"Person","@id":"https:\/\/www.ateneo.cz\/author\/#Person","name":"","url":"https:\/\/www.ateneo.cz\/author\/","identifier":1,"image":{"@type":"ImageObject","@id":"https:\/\/secure.gravatar.com\/avatar\/4bf629230dc34158290ba5b10491f45b3bfbba94b88af3386c3da2fed730f430?s=96&d=mm&r=g","url":"https:\/\/secure.gravatar.com\/avatar\/4bf629230dc34158290ba5b10491f45b3bfbba94b88af3386c3da2fed730f430?s=96&d=mm&r=g","height":96,"width":96}},"publisher":{"@type":"Organization","name":"ateneo.cz","logo":{"@type":"ImageObject","@id":"\/logo.png","url":"\/logo.png","width":600,"height":60}},"image":null,"wordCount":275,"keywords":null},{"@type":"Article","@id":"https:\/\/www.ateneo.cz\/prilezitost-pro-kazdeho-chytreho-podnikatele\/","headline":"P\u0159\u00edle\u017eitost pro ka\u017ed\u00e9ho chytr\u00e9ho podnikatele","url":"https:\/\/www.ateneo.cz\/prilezitost-pro-kazdeho-chytreho-podnikatele\/","datePublished":"2023-09-04","dateModified":"2023-09-04","mainEntityOfPage":"https:\/\/www.ateneo.cz\/prilezitost-pro-kazdeho-chytreho-podnikatele\/","author":{"@type":"Person","@id":"https:\/\/www.ateneo.cz\/author\/#Person","name":"","url":"https:\/\/www.ateneo.cz\/author\/","identifier":1,"image":{"@type":"ImageObject","@id":"https:\/\/secure.gravatar.com\/avatar\/4bf629230dc34158290ba5b10491f45b3bfbba94b88af3386c3da2fed730f430?s=96&d=mm&r=g","url":"https:\/\/secure.gravatar.com\/avatar\/4bf629230dc34158290ba5b10491f45b3bfbba94b88af3386c3da2fed730f430?s=96&d=mm&r=g","height":96,"width":96}},"publisher":{"@type":"Organization","name":"ateneo.cz","logo":{"@type":"ImageObject","@id":"\/logo.png","url":"\/logo.png","width":600,"height":60}},"image":null,"wordCount":304,"keywords":null},{"@type":"Article","@id":"https:\/\/www.ateneo.cz\/je-to-velice-neprijemne\/","headline":"Je to velice nep\u0159\u00edjemn\u00e9","url":"https:\/\/www.ateneo.cz\/je-to-velice-neprijemne\/","datePublished":"2023-07-31","dateModified":"2023-07-31","mainEntityOfPage":"https:\/\/www.ateneo.cz\/je-to-velice-neprijemne\/","author":{"@type":"Person","@id":"https:\/\/www.ateneo.cz\/author\/#Person","name":"","url":"https:\/\/www.ateneo.cz\/author\/","identifier":1,"image":{"@type":"ImageObject","@id":"https:\/\/secure.gravatar.com\/avatar\/4bf629230dc34158290ba5b10491f45b3bfbba94b88af3386c3da2fed730f430?s=96&d=mm&r=g","url":"https:\/\/secure.gravatar.com\/avatar\/4bf629230dc34158290ba5b10491f45b3bfbba94b88af3386c3da2fed730f430?s=96&d=mm&r=g","height":96,"width":96}},"publisher":{"@type":"Organization","name":"ateneo.cz","logo":{"@type":"ImageObject","@id":"\/logo.png","url":"\/logo.png","width":600,"height":60}},"image":null,"wordCount":306,"keywords":null}]},{"@context":"https:\/\/schema.org","@type":"WebSite","@id":"https:\/\/www.ateneo.cz\/#website","name":"Ateneo","url":"https:\/\/www.ateneo.cz","potentialAction":{"@type":"SearchAction","target":"https:\/\/www.ateneo.cz\/?s={search_term_string}","query-input":"required name=search_term_string"}}]