[{"@context":"https:\/\/schema.org\/","@type":"Blog","@id":"https:\/\/www.ateneo.cz#Blog","headline":"Ateneo","description":"\nL\u017e\u00edm a f\u00e1m\u00e1m se na internetu docela da\u0159\u00ed. Ov\u0161em jak kdy a jak kde. Nap\u0159\u00edklad na na\u0161\u00ed internetov\u00e9 str\u00e1nce tyto nezako\u0159enily a nikdy ani nezako\u0159en\u00ed.","url":"https:\/\/www.ateneo.cz","hasPart":[{"@type":"Article","@id":"https:\/\/www.ateneo.cz\/vir-cerv-nebo-trojsky-kun-neprijemnost-pro-vas-pocitac\/","headline":"Vir, \u010derv nebo trojsk\u00fd k\u016f\u0148 \u2013 nep\u0159\u00edjemnost pro V\u00e1\u0161 po\u010d\u00edta\u010d","url":"https:\/\/www.ateneo.cz\/vir-cerv-nebo-trojsky-kun-neprijemnost-pro-vas-pocitac\/","datePublished":"2018-03-08","dateModified":"2023-06-08","mainEntityOfPage":"https:\/\/www.ateneo.cz\/vir-cerv-nebo-trojsky-kun-neprijemnost-pro-vas-pocitac\/","author":{"@type":"Person","@id":"https:\/\/www.ateneo.cz\/author\/#Person","name":"","url":"https:\/\/www.ateneo.cz\/author\/","identifier":1,"image":{"@type":"ImageObject","@id":"https:\/\/secure.gravatar.com\/avatar\/4bf629230dc34158290ba5b10491f45b3bfbba94b88af3386c3da2fed730f430?s=96&d=mm&r=g","url":"https:\/\/secure.gravatar.com\/avatar\/4bf629230dc34158290ba5b10491f45b3bfbba94b88af3386c3da2fed730f430?s=96&d=mm&r=g","height":96,"width":96}},"publisher":{"@type":"Organization","name":"ateneo.cz","logo":{"@type":"ImageObject","@id":"\/logo.png","url":"\/logo.png","width":600,"height":60}},"image":{"@type":"ImageObject","@id":"https:\/\/www.ateneo.cz\/wp-content\/uploads\/img_a314784_w2500_t1525810413.jpg","url":"https:\/\/www.ateneo.cz\/wp-content\/uploads\/img_a314784_w2500_t1525810413.jpg","height":0,"width":0},"wordCount":456,"keywords":null},{"@type":"Article","@id":"https:\/\/www.ateneo.cz\/kabelka-kterou-nosite-promlouva-o-tom-kdo-jste\/","headline":"Kabelka, kterou nos\u00edte, promlouv\u00e1 o tom, kdo jste","url":"https:\/\/www.ateneo.cz\/kabelka-kterou-nosite-promlouva-o-tom-kdo-jste\/","datePublished":"2018-02-09","dateModified":"2023-06-08","mainEntityOfPage":"https:\/\/www.ateneo.cz\/kabelka-kterou-nosite-promlouva-o-tom-kdo-jste\/","author":{"@type":"Person","@id":"https:\/\/www.ateneo.cz\/author\/#Person","name":"","url":"https:\/\/www.ateneo.cz\/author\/","identifier":1,"image":{"@type":"ImageObject","@id":"https:\/\/secure.gravatar.com\/avatar\/4bf629230dc34158290ba5b10491f45b3bfbba94b88af3386c3da2fed730f430?s=96&d=mm&r=g","url":"https:\/\/secure.gravatar.com\/avatar\/4bf629230dc34158290ba5b10491f45b3bfbba94b88af3386c3da2fed730f430?s=96&d=mm&r=g","height":96,"width":96}},"publisher":{"@type":"Organization","name":"ateneo.cz","logo":{"@type":"ImageObject","@id":"\/logo.png","url":"\/logo.png","width":600,"height":60}},"image":{"@type":"ImageObject","@id":"https:\/\/www.ateneo.cz\/wp-content\/uploads\/img_a310056_w2204_t1521014947.jpg","url":"https:\/\/www.ateneo.cz\/wp-content\/uploads\/img_a310056_w2204_t1521014947.jpg","height":0,"width":0},"wordCount":504,"keywords":null},{"@type":"Article","@id":"https:\/\/www.ateneo.cz\/a-co-si-delal-v-amsterdamu\/","headline":"A co si d\u011blal v Amsterdamu?","url":"https:\/\/www.ateneo.cz\/a-co-si-delal-v-amsterdamu\/","datePublished":"2018-01-04","dateModified":"2023-06-08","mainEntityOfPage":"https:\/\/www.ateneo.cz\/a-co-si-delal-v-amsterdamu\/","author":{"@type":"Person","@id":"https:\/\/www.ateneo.cz\/author\/#Person","name":"","url":"https:\/\/www.ateneo.cz\/author\/","identifier":1,"image":{"@type":"ImageObject","@id":"https:\/\/secure.gravatar.com\/avatar\/4bf629230dc34158290ba5b10491f45b3bfbba94b88af3386c3da2fed730f430?s=96&d=mm&r=g","url":"https:\/\/secure.gravatar.com\/avatar\/4bf629230dc34158290ba5b10491f45b3bfbba94b88af3386c3da2fed730f430?s=96&d=mm&r=g","height":96,"width":96}},"publisher":{"@type":"Organization","name":"ateneo.cz","logo":{"@type":"ImageObject","@id":"\/logo.png","url":"\/logo.png","width":600,"height":60}},"image":{"@type":"ImageObject","@id":"https:\/\/www.ateneo.cz\/wp-content\/uploads\/img_a309176_w1938_t1520186626.jpg","url":"https:\/\/www.ateneo.cz\/wp-content\/uploads\/img_a309176_w1938_t1520186626.jpg","height":0,"width":0},"wordCount":527,"keywords":null},{"@type":"Article","@id":"https:\/\/www.ateneo.cz\/vzdy-si-muzete-vybirat\/","headline":"V\u017edy si m\u016f\u017eete vyb\u00edrat","url":"https:\/\/www.ateneo.cz\/vzdy-si-muzete-vybirat\/","datePublished":"2017-12-23","dateModified":"2023-06-08","mainEntityOfPage":"https:\/\/www.ateneo.cz\/vzdy-si-muzete-vybirat\/","author":{"@type":"Person","@id":"https:\/\/www.ateneo.cz\/author\/#Person","name":"","url":"https:\/\/www.ateneo.cz\/author\/","identifier":1,"image":{"@type":"ImageObject","@id":"https:\/\/secure.gravatar.com\/avatar\/4bf629230dc34158290ba5b10491f45b3bfbba94b88af3386c3da2fed730f430?s=96&d=mm&r=g","url":"https:\/\/secure.gravatar.com\/avatar\/4bf629230dc34158290ba5b10491f45b3bfbba94b88af3386c3da2fed730f430?s=96&d=mm&r=g","height":96,"width":96}},"publisher":{"@type":"Organization","name":"ateneo.cz","logo":{"@type":"ImageObject","@id":"\/logo.png","url":"\/logo.png","width":600,"height":60}},"image":{"@type":"ImageObject","@id":"https:\/\/www.ateneo.cz\/wp-content\/uploads\/img_a311509_w2445_t1522309092.jpg","url":"https:\/\/www.ateneo.cz\/wp-content\/uploads\/img_a311509_w2445_t1522309092.jpg","height":0,"width":0},"wordCount":557,"keywords":null},{"@type":"Article","@id":"https:\/\/www.ateneo.cz\/prirodni-material\/","headline":"P\u0159\u00edrodn\u00ed materi\u00e1l","url":"https:\/\/www.ateneo.cz\/prirodni-material\/","datePublished":"2017-12-21","dateModified":"2023-06-08","mainEntityOfPage":"https:\/\/www.ateneo.cz\/prirodni-material\/","author":{"@type":"Person","@id":"https:\/\/www.ateneo.cz\/author\/#Person","name":"","url":"https:\/\/www.ateneo.cz\/author\/","identifier":1,"image":{"@type":"ImageObject","@id":"https:\/\/secure.gravatar.com\/avatar\/4bf629230dc34158290ba5b10491f45b3bfbba94b88af3386c3da2fed730f430?s=96&d=mm&r=g","url":"https:\/\/secure.gravatar.com\/avatar\/4bf629230dc34158290ba5b10491f45b3bfbba94b88af3386c3da2fed730f430?s=96&d=mm&r=g","height":96,"width":96}},"publisher":{"@type":"Organization","name":"ateneo.cz","logo":{"@type":"ImageObject","@id":"\/logo.png","url":"\/logo.png","width":600,"height":60}},"image":{"@type":"ImageObject","@id":"https:\/\/www.ateneo.cz\/wp-content\/uploads\/img_a305953_w2284_t1517310365.jpg","url":"https:\/\/www.ateneo.cz\/wp-content\/uploads\/img_a305953_w2284_t1517310365.jpg","height":0,"width":0},"wordCount":518,"keywords":null},{"@type":"Article","@id":"https:\/\/www.ateneo.cz\/zaklad-satniku-trochu-jinak\/","headline":"Z\u00e1klad \u0161atn\u00edku trochu jinak","url":"https:\/\/www.ateneo.cz\/zaklad-satniku-trochu-jinak\/","datePublished":"2017-08-08","dateModified":"2017-08-08","mainEntityOfPage":"https:\/\/www.ateneo.cz\/zaklad-satniku-trochu-jinak\/","author":{"@type":"Person","@id":"https:\/\/www.ateneo.cz\/author\/#Person","name":"","url":"https:\/\/www.ateneo.cz\/author\/","identifier":1,"image":{"@type":"ImageObject","@id":"https:\/\/secure.gravatar.com\/avatar\/4bf629230dc34158290ba5b10491f45b3bfbba94b88af3386c3da2fed730f430?s=96&d=mm&r=g","url":"https:\/\/secure.gravatar.com\/avatar\/4bf629230dc34158290ba5b10491f45b3bfbba94b88af3386c3da2fed730f430?s=96&d=mm&r=g","height":96,"width":96}},"publisher":{"@type":"Organization","name":"ateneo.cz","logo":{"@type":"ImageObject","@id":"\/logo.png","url":"\/logo.png","width":600,"height":60}},"image":{"@type":"ImageObject","@id":"https:\/\/www.ateneo.cz\/wp-content\/uploads\/img_a296312_w2393_t1507444274.jpg","url":"https:\/\/www.ateneo.cz\/wp-content\/uploads\/img_a296312_w2393_t1507444274.jpg","height":0,"width":0},"wordCount":624,"keywords":null},{"@type":"Article","@id":"https:\/\/www.ateneo.cz\/letni-radovanky\/","headline":"Letn\u00ed radov\u00e1nky","url":"https:\/\/www.ateneo.cz\/letni-radovanky\/","datePublished":"2017-03-21","dateModified":"2023-11-10","mainEntityOfPage":"https:\/\/www.ateneo.cz\/letni-radovanky\/","author":{"@type":"Person","@id":"https:\/\/www.ateneo.cz\/author\/#Person","name":"","url":"https:\/\/www.ateneo.cz\/author\/","identifier":1,"image":{"@type":"ImageObject","@id":"https:\/\/secure.gravatar.com\/avatar\/4bf629230dc34158290ba5b10491f45b3bfbba94b88af3386c3da2fed730f430?s=96&d=mm&r=g","url":"https:\/\/secure.gravatar.com\/avatar\/4bf629230dc34158290ba5b10491f45b3bfbba94b88af3386c3da2fed730f430?s=96&d=mm&r=g","height":96,"width":96}},"publisher":{"@type":"Organization","name":"ateneo.cz","logo":{"@type":"ImageObject","@id":"\/logo.png","url":"\/logo.png","width":600,"height":60}},"image":null,"wordCount":549,"keywords":null}]},{"@context":"https:\/\/schema.org","@type":"WebSite","@id":"https:\/\/www.ateneo.cz\/#website","name":"Ateneo","url":"https:\/\/www.ateneo.cz","potentialAction":{"@type":"SearchAction","target":"https:\/\/www.ateneo.cz\/?s={search_term_string}","query-input":"required name=search_term_string"}}]