[{"@context":"https:\/\/schema.org\/","@type":"Article","@id":"https:\/\/www.ateneo.cz\/kabelka-kterou-nosite-promlouva-o-tom-kdo-jste\/#Article","mainEntityOfPage":"https:\/\/www.ateneo.cz\/kabelka-kterou-nosite-promlouva-o-tom-kdo-jste\/","headline":"Kabelka, kterou nos\u00edte, promlouv\u00e1 o tom, kdo jste","name":"Kabelka, kterou nos\u00edte, promlouv\u00e1 o tom, kdo jste","description":"Ka\u017ed\u00e1 prav\u00e1 \u017eena se neobejde bez po\u0159\u00e1dn\u00e9 kabelky. Anebo p\u0159esn\u011bji, neobejde se hned bez n\u011bkolika kabelek. I kdy\u017e je pravda, \u017ee ka\u017ed\u00e1 \u017eena mus\u00ed n\u011bjak za\u010d\u00edt a je jasn\u00e9, \u017ee mlad\u00e9 sle\u010dny, kter\u00e9 sotva nastupuj\u00ed na \u0161kolu anebo vyr\u00e1\u017eej\u00ed do prvn\u00edho zam\u011bstn\u00e1n\u00ed nebudou m\u00edt jist\u011b plnou sk\u0159\u00ed\u0148 t\u011bch nejkr\u00e1sn\u011bj\u0161\u00edch kousk\u016f, kter\u00e9 vyu\u017eij\u00ed pro r\u016fzn\u00e9 p\u0159\u00edle\u017eitosti.","datePublished":"2018-02-09","dateModified":"2023-06-08","author":{"@type":"Person","@id":"https:\/\/www.ateneo.cz\/author\/#Person","name":"","url":"https:\/\/www.ateneo.cz\/author\/","identifier":1,"image":{"@type":"ImageObject","@id":"https:\/\/secure.gravatar.com\/avatar\/4bf629230dc34158290ba5b10491f45b3bfbba94b88af3386c3da2fed730f430?s=96&d=mm&r=g","url":"https:\/\/secure.gravatar.com\/avatar\/4bf629230dc34158290ba5b10491f45b3bfbba94b88af3386c3da2fed730f430?s=96&d=mm&r=g","height":96,"width":96}},"publisher":{"@type":"Organization","name":"ateneo.cz","logo":{"@type":"ImageObject","@id":"\/logo.png","url":"\/logo.png","width":600,"height":60}},"image":{"@type":"ImageObject","@id":"https:\/\/www.ateneo.cz\/wp-content\/uploads\/img_a310056_w2204_t1521014947.jpg","url":"https:\/\/www.ateneo.cz\/wp-content\/uploads\/img_a310056_w2204_t1521014947.jpg","height":0,"width":0},"url":"https:\/\/www.ateneo.cz\/kabelka-kterou-nosite-promlouva-o-tom-kdo-jste\/","about":["Technika"],"wordCount":417,"articleBody":" Ka\u017ed\u00e1 prav\u00e1 \u017eena se neobejde bez po\u0159\u00e1dn\u00e9 kabelky. Anebo p\u0159esn\u011bji, neobejde se hned bez n\u011bkolika kabelek. I  kdy\u017e  je pravda, \u017ee ka\u017ed\u00e1 \u017eena mus\u00ed n\u011bjak za\u010d\u00edt a je jasn\u00e9, \u017ee mlad\u00e9 sle\u010dny, kter\u00e9 sotva nastupuj\u00ed na \u0161kolu anebo vyr\u00e1\u017eej\u00ed do prvn\u00edho zam\u011bstn\u00e1n\u00ed nebudou m\u00edt jist\u011b plnou sk\u0159\u00ed\u0148 t\u011bch nejkr\u00e1sn\u011bj\u0161\u00edch kousk\u016f, kter\u00e9 vyu\u017eij\u00ed pro r\u016fzn\u00e9 p\u0159\u00edle\u017eitosti. Ov\u0161em to neznamen\u00e1, \u017ee by se nebyly schopny vybavit tak, aby p\u0159i ka\u017ed\u00e9 p\u0159\u00edle\u017eitosti ud\u011blaly dobr\u00fd dojem na sv\u00e9 okol\u00ed. V\u017edy\u0165 pr\u00e1v\u011b to, jak\u00fd zanechaj\u00ed dojem m\u016f\u017ee snadno rozhodnout o tom, zda n\u011bkde z\u00edskaj\u00ed zaj\u00edmav\u00e9 zam\u011bstn\u00e1n\u00ed \u010di nikoli.&#13; &#13; &#13; &#13; Tak\u017ee pokud byste z r\u016fzn\u00fdch d\u016fvod\u016f, mil\u00e9 d\u00e1my, m\u011bly m\u00edt ve sv\u00e9 sk\u0159\u00edni pouze jednu jedinou anebo jen dv\u011b \u010di t\u0159i kabelky, tak o to v\u00edce byste se m\u011bly zam\u011b\u0159it na jejich dobr\u00fd v\u00fdb\u011br. Zkr\u00e1tka byste si m\u011bly vybrat takovou kabelku, kter\u00e1 v\u00e1s jako spole\u010dnice nezklame, a\u0165 u\u017e se pod\u011bjete kamkoli a v\u017edy ud\u011bl\u00e1 ten nejlep\u0161\u00ed dojem, a to p\u0159i ka\u017ed\u00e9 p\u0159\u00edle\u017eitosti.&#13; &#13; A pr\u00e1v\u011b v takov\u00e9m p\u0159\u00edpad\u011b plat\u00ed, \u017ee m\u00e9n\u011b znamen\u00e1 v\u00edce. V takov\u00e9m p\u0159\u00edpad\u011b v\u00e1m nejl\u00e9pe poslou\u017e\u00ed n\u011bkter\u00fd z jednoduch\u00fdch, nad\u010dasov\u00fdch model\u016f. A pokud jde o jednoduchost, tak tu volte v n\u011bkolika sm\u011brech, jak co se tvaru, zdoben\u00ed i barvy kabelky t\u00fd\u010de. Nekomplikovan\u00e9 proveden\u00ed a st\u0159\u00eddm\u00e9 barvy toti\u017e snadno slad\u00edte s jak\u00fdmkoli va\u0161\u00edm outfitem.&#13; &#13; &#13; &#13; A p\u0159esn\u011b takov\u00e9 jsou italsk\u00e9 ko\u017een\u00e9 kabelky, kabelky, kter\u00e9 vyu\u017eijete p\u0159i ka\u017ed\u00e9 p\u0159\u00edle\u017eitosti, a kter\u00e9 bez probl\u00e9m\u016f slad\u00edte s va\u0161\u00edm od\u011bvem, a\u0165 u\u017e se obl\u00e9knete do \u010dehokoli. V jednoduchosti je toti\u017e kr\u00e1sa. Ov\u0161em kr\u00e1sa je rovn\u011b\u017e v poctiv\u00e9m, kvalitn\u00edm materi\u00e1lu a v dokonal\u00e9m zpracov\u00e1n\u00ed. Pokud si tedy po\u0159\u00edd\u00edte kabelku, kter\u00e1 bude po v\u0161ech sm\u011brech dokonal\u00e1, tak si m\u016f\u017eete b\u00fdt jisti t\u00edm, \u017ee v\u0161ude zanech\u00e1te ten nejlep\u0161\u00ed dojem, proto\u017ee dobr\u00fd v\u00fdb\u011br kabelky hovo\u0159\u00ed i o va\u0161ich schopnostech. Zkr\u00e1tka, va\u0161e kabelka, kterou nos\u00edte, tak trochu vypov\u00edd\u00e1 i o tom, kdo jste.                                                                                                                                                                                                                                                                                                                                                                                        4.9\/5 - (7 votes)        "},{"@context":"https:\/\/schema.org\/","@type":"BreadcrumbList","itemListElement":[{"@type":"ListItem","position":1,"name":"Kabelka, kterou nos\u00edte, promlouv\u00e1 o tom, kdo jste","item":"https:\/\/www.ateneo.cz\/kabelka-kterou-nosite-promlouva-o-tom-kdo-jste\/#breadcrumbitem"}]}]