[{"@context":"https:\/\/schema.org\/","@type":"Article","@id":"https:\/\/www.ateneo.cz\/jak-by-mela-vypadat-vase-ranni-pece-o-plet\/#Article","mainEntityOfPage":"https:\/\/www.ateneo.cz\/jak-by-mela-vypadat-vase-ranni-pece-o-plet\/","headline":"Jak by m\u011bla vypadat va\u0161e rann\u00ed p\u00e9\u010de o ple\u0165?","name":"Jak by m\u011bla vypadat va\u0161e rann\u00ed p\u00e9\u010de o ple\u0165?","description":"Jak vypad\u00e1 va\u0161e rann\u00ed p\u00e9\u010de o ple\u0165? Vstanete, opl\u00e1chnete si obli\u010dej vodou a m\u00e1te hotovo? To je ale \u0161patn\u011b. R\u00e1no pot\u0159ebuje va\u0161e ple\u0165 skoro stejnou p\u00e9\u010di, jako ve\u010der. Pokud budete tuto p\u00e9\u010di zanedb\u00e1vat, va\u0161e ple\u0165 se v\u00e1m odm\u011bn\u00ed velmi nehezk\u00fdm zp\u016fsobem. Poj\u010fme se pod\u00edvat tedy na to, jak by m\u011bla va\u0161e rann\u00ed rutina v p\u00e9\u010di","datePublished":"2023-01-14","dateModified":"2023-06-08","author":{"@type":"Person","@id":"https:\/\/www.ateneo.cz\/author\/#Person","name":"","url":"https:\/\/www.ateneo.cz\/author\/","identifier":1,"image":{"@type":"ImageObject","@id":"https:\/\/secure.gravatar.com\/avatar\/4bf629230dc34158290ba5b10491f45b3bfbba94b88af3386c3da2fed730f430?s=96&d=mm&r=g","url":"https:\/\/secure.gravatar.com\/avatar\/4bf629230dc34158290ba5b10491f45b3bfbba94b88af3386c3da2fed730f430?s=96&d=mm&r=g","height":96,"width":96}},"publisher":{"@type":"Organization","name":"ateneo.cz","logo":{"@type":"ImageObject","@id":"\/logo.png","url":"\/logo.png","width":600,"height":60}},"image":{"@type":"ImageObject","@id":"https:\/\/www.ateneo.cz\/wp-content\/uploads\/pexels-ron-lach-8142194.jpg","url":"https:\/\/www.ateneo.cz\/wp-content\/uploads\/pexels-ron-lach-8142194.jpg","height":0,"width":0},"url":"https:\/\/www.ateneo.cz\/jak-by-mela-vypadat-vase-ranni-pece-o-plet\/","about":["Produkty"],"wordCount":427,"articleBody":"      Jak vypad\u00e1 va\u0161e rann\u00ed p\u00e9\u010de o ple\u0165? Vstanete, opl\u00e1chnete si obli\u010dej vodou a m\u00e1te hotovo? To je ale \u0161patn\u011b. R\u00e1no pot\u0159ebuje va\u0161e ple\u0165 skoro stejnou p\u00e9\u010di, jako ve\u010der. Pokud budete tuto p\u00e9\u010di zanedb\u00e1vat, va\u0161e ple\u0165 se v\u00e1m odm\u011bn\u00ed velmi nehezk\u00fdm zp\u016fsobem.Poj\u010fme se pod\u00edvat tedy na to, jak by m\u011bla va\u0161e rann\u00ed rutina v p\u00e9\u010di o ple\u0165 vypadat.\u010ci\u0161t\u011bn\u00ed pleti Zat\u00edmco ve\u010der si \u010dist\u00edme ple\u0165 olejov\u00fdm p\u0159\u00edpravkem a \u010distic\u00edm p\u0159\u00edpravkem, r\u00e1no v\u00e1m posta\u010d\u00ed pouze \u010distic\u00ed p\u0159\u00edpravek. To znamen\u00e1 \u017ee vezmete sv\u016fj obl\u00edben\u00fd \u010distic\u00ed gel, kr\u00e9m nebo p\u011bnu a d\u016fkladn\u011b si vy\u010dist\u00edte obli\u010dej.TonerToner je v na\u0161\u00ed p\u00e9\u010di d\u016fle\u017eit\u00fd pro to, proto\u017ee vyrovn\u00e1v\u00e1 PH pleti tak, aby byla p\u0159ipravena na n\u00e1slednou p\u00e9\u010di. Jeliko\u017e potom toneru p\u0159ich\u00e1z\u00ed jako dal\u0161\u00ed krok s\u00e9ra a kr\u00e9my, je v\u00edce ne\u017e nutn\u00e9, abyste toner pou\u017e\u00edvali i r\u00e1no.Ple\u0165ov\u00e9 s\u00e9rumPle\u0165ov\u00e9 s\u00e9rum je ta slo\u017eka p\u00e9\u010de, kter\u00e1 obsahuje nejv\u00edce aktivn\u00edch l\u00e1tek. Zat\u00edmco ve\u010der pou\u017e\u00edv\u00e1me nap\u0159\u00edklad kyseliny kv\u016fli exfoliaci, nebo retinol, jako prevenci proti vr\u00e1sk\u00e1m, tyto slo\u017eky r\u00e1no ur\u010dit\u011b vynech\u00e1me. Jsou toti\u017e ur\u010den\u00e9 na ve\u010dern\u00ed p\u00e9\u010di. r\u00e1no pou\u017eijte na sv\u016fj ple\u0165 s\u00e9ra s obsahem nap\u0159\u00edklad vitaminu c, kolagenu a kyseliny hyaluronov\u00e9.HydrataceDal\u0161\u00edm krokem je hydrata\u010dn\u00ed kr\u00e9m. Na noc se v\u011bt\u0161inou d\u00e1v\u00e1 kr\u00e9m hutn\u011bj\u0161\u00ed, na den naopak leh\u010d\u00ed. Pokud je ale va\u0161e ple\u0165 hodn\u011b such\u00e1, nebo venku panuj\u00ed siln\u00e9 mrazy, m\u016f\u017eete i do rann\u00ed p\u00e9\u010de pou\u017e\u00edt n\u011bjak\u00fd hutn\u011bj\u0161\u00ed kr\u00e9m.SPFPosledn\u00edm, a nejd\u016fle\u017eit\u011bj\u0161\u00edm krokem, je SPF. To znamen\u00e1, \u017ee pou\u017eijete kr\u00e9m, kter\u00fd m\u00e1 v sob\u011b ochranu proti slune\u010dn\u00edmu z\u00e1\u0159en\u00ed. Doporu\u010dujeme, zakoupit si SPF ur\u010den\u00e9 p\u0159\u00edmo na obli\u010deji, jeliko\u017e takov\u00e9 kr\u00e9my jsou leh\u010d\u00ed, neucp\u00e1vaj\u00ed p\u00f3ry a nevytv\u00e1\u0159\u00ed na pleti b\u00edl\u00fd nebo mastn\u00fd film. SPF je nutn\u00e9 pou\u017e\u00edvat jako prevenci proti pigmentov\u00fdm skvrn\u00e1m, vr\u00e1sk\u00e1m ale tak\u00e9 jako prevence proti rakovin\u011b k\u016f\u017ee. Pokud nem\u016f\u017eete sehnat dobr\u00e9 SPF, kter\u00e9 by va\u0161i pleti vyhovovalo, poohl\u00e9dn\u011bte se v korejsk\u00e9 kosmetice.                                                                                                                                                                                                                                                                                                                                                                                          4.4\/5 - (8 votes)        "},{"@context":"https:\/\/schema.org\/","@type":"BreadcrumbList","itemListElement":[{"@type":"ListItem","position":1,"name":"Jak by m\u011bla vypadat va\u0161e rann\u00ed p\u00e9\u010de o ple\u0165?","item":"https:\/\/www.ateneo.cz\/jak-by-mela-vypadat-vase-ranni-pece-o-plet\/#breadcrumbitem"}]}]